{"id":996,"date":"2022-10-04T10:16:40","date_gmt":"2022-10-04T08:16:40","guid":{"rendered":"https:\/\/www.reverlesfuturs.com\/blog\/?p=996"},"modified":"2026-03-20T17:31:16","modified_gmt":"2026-03-20T17:31:16","slug":"mon-stage-a-rever-les-futurs","status":"publish","type":"post","link":"https:\/\/reverlesfuturs.com\/portfolio\/mon-stage-a-rever-les-futurs\/","title":{"rendered":"Mon stage \u00e0 r\u00eaver les futurs"},"content":{"rendered":"<div class=\"wpb-content-wrapper\">[vc_row][vc_column][vc_column_text css=\u00a0\u00bb\u00a0\u00bb]<div class=\"wp-block-group\">[Article r\u00e9dig\u00e9 par <em>Loris, notre stagiaire du mois.<\/em>]<\/div>\n<!-- \/wp:post-content -->\n\n<!-- wp:heading -->\n<h2>Une semaine de d\u00e9couvertes\u2026<\/h2>\n<!-- \/wp:heading -->\n<p><!-- wp:paragraph -->Le studio <a href=\"http:\/\/reverlesfuturs.com\" target=\"_blank\" rel=\"noreferrer noopener\">R\u00eaver les Futurs<\/a> est h\u00e9berg\u00e9 dans un ancien moulin \u00e0 eau, datant du XVI\u00e8me si\u00e8cle ! Le studio-moulin \u00e9tant en r\u00e9novation, mes premiers jours sont consacr\u00e9s \u00e0 la recherche de mat\u00e9riaux. <strong>Notre objectif est d\u2019avoir un impact environnemental aussi faible que possible<\/strong> et donc nous nous orientons sur des mat\u00e9riaux de r\u00e9cup\u00e9ration aupr\u00e8s d\u2019associations.<\/p>\n<!-- \/wp:paragraph -->\n<p><!-- wp:paragraph -->Je d\u00e9couvre donc <strong>deux associations<\/strong> que sont <a href=\"http:\/\/la-tuilerie.org\/\" target=\"_blank\" rel=\"noreferrer noopener\">La TUILERIE ECO-LOGE<\/a> et <a href=\"https:\/\/www.artstockasso.fr\/\" target=\"_blank\" rel=\"noreferrer noopener\">ArtStocK<\/a> dans le pays commingeois\u2026<\/p>\n<div class=\"slider blog-slider\" data-norebro-slider-simple=\"true\"><img decoding=\"async\" class=\"full-width\" src=\"https:\/\/reverlesfuturs.com\/portfolio\/wp-content\/uploads\/Loris-Artstock-Blajan.jpg\" alt=\"Gallery slide\"><img decoding=\"async\" class=\"full-width\" src=\"https:\/\/reverlesfuturs.com\/portfolio\/wp-content\/uploads\/Loris-La-tuilerie.jpg\" alt=\"Gallery slide\"><\/div>\n<p>&nbsp;<\/p>\n<div class=\"wp-block-columns\">\n<div class=\"wp-block-column\">\n<p><strong><a href=\"https:\/\/www.artstockasso.fr\/\" target=\"_blank\" rel=\"noreferrer noopener\">ArtStock<\/a> <\/strong>vend principalement des d\u00e9cors de th\u00e9\u00e2tre et propose des prix imbattables sur les mat\u00e9riaux issus des d\u00e9cors, un hangar plein de surprises autant par ses \u00e9l\u00e9ments g\u00e9ants que par la multitude d&rsquo;accessoires de th\u00e9\u00e2tre\u2026 Mon envie \u00e0 ce moment \u00e9tait de tout emporter ou presque !!<\/p>\n<p><strong><a href=\"http:\/\/la-tuilerie.org\/\" target=\"_blank\" rel=\"noreferrer noopener\">ECO-LOGE<\/a> <\/strong>propose des mat\u00e9riaux de construction neufs d\u2019invendus et de r\u00e9cup\u00e9ration chez des particuliers, un plaisir de fouiner dans les stocks et de d\u00e9couvrir plein d\u2019objets int\u00e9ressants (vieux piano, carrelage, g\u00e9n\u00e9rateur d&rsquo;\u00e9olienne, panneaux photovolta\u00efque, etc.)<\/p>\n<p><!-- \/wp:paragraph --><\/p>\n<\/div>\n<p><!-- \/wp:column --><\/p>\n<\/div>\n<!-- \/wp:columns -->\n\n<!-- wp:heading -->\n<h2>Un lieu \u00e9thique et responsable!<\/h2>\n<!-- \/wp:heading -->\n<p><!-- wp:paragraph -->Le stage est riche par l\u2019environnement de travail propos\u00e9 par Laetitia et Jeremy, au moulin.<\/p>\n<!-- \/wp:paragraph -->\n<p><!-- wp:paragraph -->Les pauses sont d\u00e9di\u00e9es \u00e0 la <strong>cueillette dans le jardin en permaculture<\/strong> avec consommation directe en compl\u00e9ment de bon repas bio dans une ambiance chaleureuse, et au soin des petits habitants du lieu, comme les poules, le tout plong\u00e9 dans une campagne pleine de nature !<\/p>\n<!-- \/wp:paragraph -->\n<p><!-- wp:paragraph -->Vous pouvez l\u2019imaginer, <strong>un cadre de travail sain et id\u00e9al<\/strong>.<\/p>\n<h2><img loading=\"lazy\" decoding=\"async\" class=\"alignnone size-full wp-image-14188\" src=\"https:\/\/reverlesfuturs.com\/portfolio\/wp-content\/uploads\/Loris-permaculture-au-studio-Rever-les-Futurs.jpg\" alt=\"\" width=\"2048\" height=\"1366\" srcset=\"https:\/\/reverlesfuturs.com\/portfolio\/wp-content\/uploads\/Loris-permaculture-au-studio-Rever-les-Futurs.jpg 2048w, https:\/\/reverlesfuturs.com\/portfolio\/wp-content\/uploads\/Loris-permaculture-au-studio-Rever-les-Futurs-300x200.jpg 300w, https:\/\/reverlesfuturs.com\/portfolio\/wp-content\/uploads\/Loris-permaculture-au-studio-Rever-les-Futurs-1024x683.jpg 1024w, https:\/\/reverlesfuturs.com\/portfolio\/wp-content\/uploads\/Loris-permaculture-au-studio-Rever-les-Futurs-768x512.jpg 768w, https:\/\/reverlesfuturs.com\/portfolio\/wp-content\/uploads\/Loris-permaculture-au-studio-Rever-les-Futurs-1536x1025.jpg 1536w, https:\/\/reverlesfuturs.com\/portfolio\/wp-content\/uploads\/Loris-permaculture-au-studio-Rever-les-Futurs-1920x1281.jpg 1920w\" sizes=\"auto, (max-width: 2048px) 100vw, 2048px\" \/>Un stage tourn\u00e9 vers la pratique<\/h2>\n<!-- \/wp:heading -->\n<p><!-- wp:paragraph -->Le studio-moulin tourne pour diff\u00e9rents entrepreneurs aux projets tout aussi int\u00e9ressants et visionnaires les uns que les autres. Que ce soit dans le Comminges ou le Lyonnais mais aussi partout en France, chacun porte un projet plus global de soci\u00e9t\u00e9. <strong>Participer tout au long de la semaine \u00e0 ces projets donne un int\u00e9r\u00eat particulier au m\u00e9tier de communication, du graphisme et des m\u00e9dia, on parle bien ici de sens!<\/strong><\/p>\n<!-- \/wp:paragraph -->\n<p><!-- wp:paragraph -->Concr\u00e8tement, il y a un double \u00e9change car j\u2019ai pu mettre la main \u00e0 la patte en aidant sur plusieurs projets, ce qui fait gagner du temps mais tout en apprenant plein de choses.<\/p>\n<!-- \/wp:paragraph -->\n<p><!-- wp:paragraph -->Par la manipulation des logiciels de travail et des techniques de cr\u00e9ation des diff\u00e9rents contenus et m\u00e9dia de communication, le stage apporte ce c\u00f4t\u00e9 tr\u00e8s concret pour avoir <strong>une bonne vision du m\u00e9tier<\/strong>.<\/p>\n<div class=\"slider blog-slider\" data-norebro-slider-simple=\"true\"><img decoding=\"async\" class=\"full-width\" src=\"https:\/\/reverlesfuturs.com\/portfolio\/wp-content\/uploads\/Stage-Rever-les-Futurs-Loris.jpg\" alt=\"Gallery slide\"><img decoding=\"async\" class=\"full-width\" src=\"https:\/\/reverlesfuturs.com\/portfolio\/wp-content\/uploads\/Loris-Artstock-seconde-main.jpg\" alt=\"Gallery slide\"><\/div>\n<p><!-- wp:paragraph -->Pour ma part, durant la semaine j\u2019ai pu <strong>manipuler les logiciels Adobe Illustrator et InDesign<\/strong> pour cr\u00e9er un calendrier associatif avec s\u00e9lection des photos. J&rsquo;ai travaill\u00e9 \u00e0 la fois sur la partie \u00ab\u00a0cr\u00e9ation visuelle\u00a0\u00bb et aussi sur la partie \u00ab\u00a0technique\u00a0\u00bb : le maquettage du calendrier personnalis\u00e9.<\/p>\n<!-- \/wp:paragraph -->\n<p><!-- wp:paragraph -->Durant cette semaine, nous avons aussi travaill\u00e9 sur un <strong>projet de mini clips vid\u00e9os avec l\u2019enregistrement de voix-off<\/strong>. Je me suis donc enregistr\u00e9 en plusieurs fois pour ensuite faire une s\u00e9lection des meilleures prises, les monter ensemble et, en derni\u00e8re \u00e9tape, observer le montage globale par Jeremy. Le montage global est une \u00e9tape d\u2019observation car plus technique mais on en apprend toujours et les conseils sont de la partie !<\/p>\n<!-- \/wp:paragraph -->\n\n<!-- wp:image {\"align\":\"center\",\"id\":1029,\"sizeSlug\":\"large\",\"linkDestination\":\"none\"} -->\n<figure class=\"wp-block-image aligncenter size-large\"><img decoding=\"async\" class=\"wp-image-1029\" src=\"https:\/\/www.reverlesfuturs.com\/blog\/wp-content\/uploads\/2022\/10\/327B6102-1024x683.jpg\" alt=\"\"><\/figure>\n<!-- \/wp:image -->\n<p><!-- wp:paragraph -->Il faut savoir que pour l\u2019instant, comme le studio-moulin est en r\u00e9novation, il n&rsquo;accueille pas encore de partie <strong>studio d\u2019enregistrement son et montage vid\u00e9o<\/strong> \u00e0 part enti\u00e8re. Le mode cr\u00e9atif est donc bien activ\u00e9. Mais bient\u00f4t, le studio-moulin s\u2019en verra dot\u00e9 d\u2019un, pour de meilleures conditions sur le plan technique (au niveau du son par exemple).<\/p>\n<!-- \/wp:paragraph -->\n<p><!-- wp:paragraph -->Ce n\u2019est pas un lieu parfait, mais tous les ans un peu plus par sa r\u00e9novation, ce qui promet <strong>de beaux projets futurs<\/strong> !!<\/p>\n<!-- \/wp:paragraph -->\n<p><!-- wp:paragraph -->Voil\u00e0 les deux principales activit\u00e9s de ma semaine \u00e0 Cier-de-Riviere, en plus de la <strong>d\u00e9couverte de la r\u00e9gion et des diff\u00e9rentes rencontres entre clients, artisans de la r\u00e9novation du lieu, porteurs de projets locaux<\/strong>, comme l&rsquo;atelier Satvia (revalorisation du chanvre textile en Occitanie).<\/p>\n<!-- \/wp:paragraph -->\n\n<!-- wp:paragraph {\"align\":\"center\"} -->\n<p class=\"has-text-align-center\"><strong>Bref, un lieu de passage, d\u2019apprentissage et d\u2019avenir !<\/strong><\/p>\n<!-- \/wp:paragraph -->\n\n<!-- wp:paragraph {\"align\":\"center\"} -->\n<p class=\"has-text-align-center\"><em>Loris.<\/em><\/p>\n<!-- \/wp:paragraph -->\n\n<!-- wp:image {\"align\":\"center\",\"id\":1030,\"sizeSlug\":\"large\",\"linkDestination\":\"none\"} -->\n<figure class=\"wp-block-image aligncenter size-large\">\n<figcaption>Anecdote: au moulin, le stagiaire fait le caf\u00e9&#8230; au moulin !<br><img loading=\"lazy\" decoding=\"async\" class=\"alignnone size-full wp-image-14193\" src=\"https:\/\/reverlesfuturs.com\/portfolio\/wp-content\/uploads\/Moulin-a-cafe_Loris.jpg\" alt=\"\" width=\"1024\" height=\"683\" srcset=\"https:\/\/reverlesfuturs.com\/portfolio\/wp-content\/uploads\/Moulin-a-cafe_Loris.jpg 1024w, https:\/\/reverlesfuturs.com\/portfolio\/wp-content\/uploads\/Moulin-a-cafe_Loris-300x200.jpg 300w, https:\/\/reverlesfuturs.com\/portfolio\/wp-content\/uploads\/Moulin-a-cafe_Loris-768x512.jpg 768w\" sizes=\"auto, (max-width: 1024px) 100vw, 1024px\" \/><\/figcaption>\n<\/figure>\n<!-- \/wp:image -->\n\n<!-- wp:preformatted -->\n<pre class=\"wp-block-preformatted\"><strong>Commentaire R\u00eaver les Futurs :<\/strong>\n\n\ud83d\uded6 Du haut de ses 19 ans, Loris con\u00e7oit &amp; fabrique int\u00e9gralement sa \nTinyHouse. Autant vous dire qu'il est curieux, d\u00e9brouillard, autonome \net qu'il monte en comp\u00e9tence rapidement sur n'importe quel sujet. \n\nIl est en qu\u00eate de sens pour son futur m\u00e9tier et l'ann\u00e9e prochaine, \nil souhaite int\u00e9grer une formation de d\u00e9veloppeur\/architecte web.\n\nEncore merci pour tout Loris, nous avons pass\u00e9 une super semaine avec toi.\n\ud83c\udf9f\ufe0f Exp\u00e9rience \u00e0 renouveler...<\/pre>\n<!-- \/wp:preformatted -->\n<p><!-- wp:paragraph --><strong>Vous voulez r\u00eaver encore un peu ?<\/strong><\/p>\n<!-- \/wp:paragraph -->\n\n<!-- wp:list -->\n<ul>\n<li>D\u00e9couvrir les cr\u00e9ations du studio sur <a href=\"https:\/\/reverlesfuturs.com\/portfolio\/\" target=\"_blank\" rel=\"noreferrer noopener\">le portfolio<\/a>.<\/li>\n<li>Suivre l\u2019actualit\u00e9 du studio cr\u00e9atif sur <a href=\"https:\/\/www.linkedin.com\/company\/rever-les-futurs\/\" target=\"_blank\" rel=\"noreferrer noopener\">Linkedin<\/a> et <a href=\"https:\/\/www.instagram.com\/reverlesfuturs\/\" target=\"_blank\" rel=\"noreferrer noopener\">Instagram<\/a>.<\/li>\n<li><a href=\"https:\/\/www.reverlesfuturs.com\/contact.html\" target=\"_blank\" rel=\"noreferrer noopener\">Contacter l\u2019\u00e9quipe pour R\u00eaver les Futurs !<\/a><\/li>\n<\/ul>\n<p><!-- \/wp:list --><\/p>[\/vc_column_text][\/vc_column][\/vc_row]<\/div>","protected":false},"excerpt":{"rendered":"<p>Entre r\u00e9novation du studio, cueillette du jardin en permaculture, bonne humeur, montage son et vid\u00e9o, graphisme et maquettage : retour sur ma semaine de stage \u00e0 r\u00eaver les futurs. <\/p>\n","protected":false},"author":2,"featured_media":13188,"comment_status":"closed","ping_status":"closed","sticky":false,"template":"","format":"standard","meta":{"_acf_changed":false,"footnotes":""},"categories":[3,7],"tags":[17,30,31,61,109,124,126],"class_list":["post-996","post","type-post","status-publish","format-standard","has-post-thumbnail","hentry","category-moulin","category-temoignage","tag-audiovisuel","tag-comminges","tag-communication","tag-graphisme","tag-pyrenees","tag-stage","tag-studio-creatif"],"acf":[],"_links":{"self":[{"href":"https:\/\/reverlesfuturs.com\/portfolio\/wp-json\/wp\/v2\/posts\/996","targetHints":{"allow":["GET"]}}],"collection":[{"href":"https:\/\/reverlesfuturs.com\/portfolio\/wp-json\/wp\/v2\/posts"}],"about":[{"href":"https:\/\/reverlesfuturs.com\/portfolio\/wp-json\/wp\/v2\/types\/post"}],"author":[{"embeddable":true,"href":"https:\/\/reverlesfuturs.com\/portfolio\/wp-json\/wp\/v2\/users\/2"}],"replies":[{"embeddable":true,"href":"https:\/\/reverlesfuturs.com\/portfolio\/wp-json\/wp\/v2\/comments?post=996"}],"version-history":[{"count":5,"href":"https:\/\/reverlesfuturs.com\/portfolio\/wp-json\/wp\/v2\/posts\/996\/revisions"}],"predecessor-version":[{"id":14196,"href":"https:\/\/reverlesfuturs.com\/portfolio\/wp-json\/wp\/v2\/posts\/996\/revisions\/14196"}],"wp:featuredmedia":[{"embeddable":true,"href":"https:\/\/reverlesfuturs.com\/portfolio\/wp-json\/wp\/v2\/media\/13188"}],"wp:attachment":[{"href":"https:\/\/reverlesfuturs.com\/portfolio\/wp-json\/wp\/v2\/media?parent=996"}],"wp:term":[{"taxonomy":"category","embeddable":true,"href":"https:\/\/reverlesfuturs.com\/portfolio\/wp-json\/wp\/v2\/categories?post=996"},{"taxonomy":"post_tag","embeddable":true,"href":"https:\/\/reverlesfuturs.com\/portfolio\/wp-json\/wp\/v2\/tags?post=996"}],"curies":[{"name":"wp","href":"https:\/\/api.w.org\/{rel}","templated":true}]}}