{"id":983,"date":"2022-10-11T12:00:00","date_gmt":"2022-10-11T10:00:00","guid":{"rendered":"https:\/\/www.reverlesfuturs.com\/blog\/?p=983"},"modified":"2026-03-20T17:07:47","modified_gmt":"2026-03-20T17:07:47","slug":"fabrication-turbine-hydro-electrique-low-tech-studio","status":"publish","type":"post","link":"https:\/\/reverlesfuturs.com\/portfolio\/fabrication-turbine-hydro-electrique-low-tech-studio\/","title":{"rendered":"Fabrication d&rsquo;une turbine hydro-\u00e9lectrique low-tech au studio"},"content":{"rendered":"<div class=\"wpb-content-wrapper\">[vc_row][vc_column][vc_column_text css=\u00a0\u00bb\u00a0\u00bb]\r\n<p>\ud83d\udef6 On peut le dire, dans ce projet : \u00ab\u00a0on est mouill\u00e9 jusqu&rsquo;au cou\u00a0\u00bb ! Tout a commenc\u00e9 d\u00e9but 2020, lorsque l&rsquo;on d\u00e9couvre <a href=\"https:\/\/viseta.fr\/\" target=\"_blank\" rel=\"noreferrer noopener\"><strong>Viseta<\/strong><\/a> sur la plateforme de la r\u00e9gion Occitanie <strong>\u00ab\u00a0<a href=\"https:\/\/jeparticipe.laregioncitoyenne.fr\/projects\/ma-solution-pour-le-climat\/collect\/depot-des-solutions\/proposals\/viseta-les-petites-centrales-hydro-electriques-recyclables-cooperatives-et-compatibles-de-la-vie-des-cours-deau\" target=\"_blank\" rel=\"noreferrer noopener\">Ma solution pour le Climat\u00a0\u00bb.<\/a><\/strong><\/p>\r\n\r\n<p>\u00c0 l&rsquo;\u00e9poque, nous \u00e9tions a deux doigts de signer pour l\u2019acquisition d&rsquo;un <strong>moulin<\/strong> <strong>\u00e0 eau<\/strong>, \u00e0 la fronti\u00e8re des d\u00e9partements du 31 (Haute-Garonne) et du 65 (Hautes-Pyr\u00e9n\u00e9es) !<\/p>\r\n<p><\/p>\r\n<div id=\"attachment_14156\" style=\"width: 2049px\" class=\"wp-caption aligncenter\"><img loading=\"lazy\" decoding=\"async\" aria-describedby=\"caption-attachment-14156\" class=\"wp-image-14156 size-full\" src=\"https:\/\/reverlesfuturs.com\/portfolio\/wp-content\/uploads\/Studio-creatif-Rever-les-Futurs_moulin.jpeg\" alt=\"Le studio moulin R\u00eaver les Futurs\" width=\"2039\" height=\"1103\" srcset=\"https:\/\/reverlesfuturs.com\/portfolio\/wp-content\/uploads\/Studio-creatif-Rever-les-Futurs_moulin.jpeg 2039w, https:\/\/reverlesfuturs.com\/portfolio\/wp-content\/uploads\/Studio-creatif-Rever-les-Futurs_moulin-300x162.jpeg 300w, https:\/\/reverlesfuturs.com\/portfolio\/wp-content\/uploads\/Studio-creatif-Rever-les-Futurs_moulin-1024x554.jpeg 1024w, https:\/\/reverlesfuturs.com\/portfolio\/wp-content\/uploads\/Studio-creatif-Rever-les-Futurs_moulin-768x415.jpeg 768w, https:\/\/reverlesfuturs.com\/portfolio\/wp-content\/uploads\/Studio-creatif-Rever-les-Futurs_moulin-1536x831.jpeg 1536w, https:\/\/reverlesfuturs.com\/portfolio\/wp-content\/uploads\/Studio-creatif-Rever-les-Futurs_moulin-1920x1039.jpeg 1920w\" sizes=\"auto, (max-width: 2039px) 100vw, 2039px\" \/><p id=\"caption-attachment-14156\" class=\"wp-caption-text\">Le studio moulin R\u00eaver les Futurs<\/p><\/div>\r\n<p><\/p>\r\n<h1 class=\"wp-block-heading\">Un peu d&rsquo;histoire pour commencer&#8230;<\/h1>\r\n\r\n<pre class=\"wp-block-preformatted\"><strong>Une histoire de synchronicit\u00e9<\/strong><\/pre>\r\n\r\n<p>\u00c0 ce moment, nous n&rsquo;imaginions pas encore faire la connaissance de Lo\u00efs et Thomas, <strong>deux ing\u00e9nieurs<\/strong> originaires des Pyr\u00e9n\u00e9es, passionn\u00e9s et passionnants, <strong>conscients des enjeux environnementaux<\/strong>, notamment sur le sujet de <strong>l&rsquo;\u00e9nergie<\/strong>.<\/p>\r\n\r\n<p>Nous nous retrouvons autour d&rsquo;un succulent repas (au passage on vous donne l&rsquo;adresse <a href=\"https:\/\/www.tripadvisor.fr\/Restaurant_Review-g15267589-d15266510-Reviews-Comme_Chez_Papa_Et_Maman-Sarp_Hautes_Pyrenees_Occitanie.html\" target=\"_blank\" rel=\"noreferrer noopener\">ici<\/a> !) avec l&rsquo;impression de se connaitre d\u00e9j\u00e0 depuis fort longtemps&#8230; leur <strong>vision<\/strong>, leur <strong>cr\u00e9ativit\u00e9<\/strong> (et aussi leur humour) nous ont s\u00e9duit tout de suite.<\/p>\r\n\r\n<p>Et puis quel projet ! <strong>Inventer et cr\u00e9er une vis sans fin en bois low-tech<\/strong>. Forc\u00e9ment, on signe tout de suite pour rejoindre l&rsquo;association.<\/p>\r\n<p><img loading=\"lazy\" decoding=\"async\" class=\"aligncenter wp-image-14157 size-full\" src=\"https:\/\/reverlesfuturs.com\/portfolio\/wp-content\/uploads\/La-Region-Citoyenne-VISETA-1536x941-1.png\" alt=\"Viseta budget participatif citoyen\" width=\"1536\" height=\"941\" srcset=\"https:\/\/reverlesfuturs.com\/portfolio\/wp-content\/uploads\/La-Region-Citoyenne-VISETA-1536x941-1.png 1536w, https:\/\/reverlesfuturs.com\/portfolio\/wp-content\/uploads\/La-Region-Citoyenne-VISETA-1536x941-1-300x184.png 300w, https:\/\/reverlesfuturs.com\/portfolio\/wp-content\/uploads\/La-Region-Citoyenne-VISETA-1536x941-1-1024x627.png 1024w, https:\/\/reverlesfuturs.com\/portfolio\/wp-content\/uploads\/La-Region-Citoyenne-VISETA-1536x941-1-768x471.png 768w\" sizes=\"auto, (max-width: 1536px) 100vw, 1536px\" \/><\/p>\r\n\r\n<p>&nbsp;<\/p>\r\n\r\n<p>\ud83c\udfc6 <strong>621 votes<\/strong> citoyens plus tard, le projet d\u00e9croche un financement de la R\u00e9gion pour la <strong>cr\u00e9ation du prototype<\/strong> qui se fera&#8230; <strong>au studio R\u00eaver les Futurs<\/strong> ! C&rsquo;est le d\u00e9but d&rsquo;une histoire qui coule de source&#8230;<\/p>\r\n\r\n<p><strong>Un jour<\/strong>, tu lances au d\u00e9tour d&rsquo;une conversation qu&rsquo;un moulin \u00e7a serait un endroit r\u00eav\u00e9 pour vivre et travailler. <strong>Le lendemain<\/strong>, la discussion prend forme parce qu&rsquo;un moulin \u00e0 eau c&rsquo;est po\u00e9tique et inspirant pour des m\u00e9tiers cr\u00e9atifs.<\/p>\r\n\r\n<div class=\"slider blog-slider\" data-norebro-slider-simple=\"true\"><img decoding=\"async\" class=\"full-width\" src=\"https:\/\/reverlesfuturs.com\/portfolio\/wp-content\/uploads\/Photo-film-RLF8.jpeg\" alt=\"Gallery slide\"><img decoding=\"async\" class=\"full-width\" src=\"https:\/\/reverlesfuturs.com\/portfolio\/wp-content\/uploads\/Photo-film-RLF14.jpeg\" alt=\"Gallery slide\"><img decoding=\"async\" class=\"full-width\" src=\"https:\/\/reverlesfuturs.com\/portfolio\/wp-content\/uploads\/Photo-film-RLF2.jpeg\" alt=\"Gallery slide\"><\/div>\r\n<!-- \/wp:post-content -->\r\n<p><!-- wp:paragraph --><strong>Puis les arguments se succ\u00e8dent<\/strong> : parce qu&rsquo;on aime les belles pierres, les lieux qui ont une \u00e2me, une histoire, parce que la r\u00e9novation \u00e7a ne nous fait pas peur, parce qu&rsquo;on veut tendre vers <strong>plus de sobri\u00e9t\u00e9 et d&rsquo;autonomie<\/strong>, parce qu&rsquo;on pense que la ruralit\u00e9 peut avoir de beaux jours devant elle, parce qu&rsquo;on souhaite vivre au rythme du chant des oiseaux, berc\u00e9 par le doux bruit du ruisseau, etc., etc., etc.<\/p>\r\n<!-- \/wp:paragraph -->\r\n<p>&nbsp;<\/p>\r\n<!-- wp:preformatted -->\r\n<pre class=\"wp-block-preformatted\"><strong>Une histoire pleine de remous<\/strong><!-- \/wp:preformatted --><\/pre>\r\n<div class=\"slider blog-slider\" data-norebro-slider-simple=\"true\"><img decoding=\"async\" class=\"full-width\" src=\"https:\/\/reverlesfuturs.com\/portfolio\/wp-content\/uploads\/Ruisseau-Rever-les-Futurs.jpeg\" alt=\"Gallery slide\"><img decoding=\"async\" class=\"full-width\" src=\"https:\/\/reverlesfuturs.com\/portfolio\/wp-content\/uploads\/Photo-film-RLF4.jpeg\" alt=\"Gallery slide\"><\/div>\r\n<!-- wp:gallery {\"linkTo\":\"none\",\"align\":\"center\"} -->\r\n<figure class=\"wp-block-gallery aligncenter has-nested-images columns-default is-cropped\"><!-- \/wp:gallery --><\/figure>\r\n<!-- \/wp:gallery -->\r\n<p><!-- wp:paragraph -->\ud83d\udca6 <strong>Sauf que des moulins \u00e7a ne court pas les ruisseaux<\/strong>, surtout ceux qui doivent rentrer dans le budget, s&rsquo;adapter au pro et au perso, \u00eatre \u00e0 maxi 1h15 de Toulouse, ne pas avoir un trop gros cours d&rsquo;eau (l\u00e0 vous pensez \u00ab\u00a0ah les trouillards\u00a0\u00bb et vous n&rsquo;avez pas tort !!!)&#8230;<\/p>\r\n<!-- \/wp:paragraph -->\r\n<p><!-- wp:paragraph -->Finalement, au bout de 10 mois et quelques visites, <strong>on trouve notre p\u00e9pite, dans le Comminges<\/strong>. Mais le confinement ayant \u00e9t\u00e9 d\u00e9clar\u00e9, il bloque toutes nos d\u00e9marches en cours. Il faudra \u00eatre patient. C&rsquo;est en ao\u00fbt 2020 qu&rsquo;on posera enfin nos valises \u00e0 Cier-de-Rivi\u00e8re.<\/p>\r\n<!-- wp:paragraph -->\r\n<p>Deux ans plus tard, nous sommes heureux d&rsquo;avoir atterri dans cet endroit merveilleux appel\u00e9 <strong>les Petites Pyr\u00e9n\u00e9es<\/strong>, autant pour ses paysages, sa biodiversit\u00e9 que pour ses habitants humains !<\/p>\r\n<!-- \/wp:paragraph -->\r\n<p>&nbsp;<\/p>\r\n<!-- wp:image {\"align\":\"center\",\"id\":1167,\"sizeSlug\":\"large\",\"linkDestination\":\"none\"} --><!-- \/wp:image --><!-- \/wp:paragraph -->\r\n<p>&nbsp;<\/p>\r\n<!-- wp:preformatted -->\r\n<pre class=\"wp-block-preformatted\"><strong>Une histoire d'exp\u00e9rimentation<\/strong><\/pre>\r\n<!-- \/wp:preformatted -->\r\n<p>&nbsp;<\/p>\r\n<!-- wp:paragraph -->\r\n<p>Rapidement, Lo\u00efs et Thomas nous proposent de faire <strong>le prototype au moulin<\/strong> car le ruisseau s&rsquo;y pr\u00eate. D\u00e9marrage d&rsquo;<strong>une aventure hors du commun <\/strong>(et non pas du comminges !).<\/p>\r\n<!-- \/wp:paragraph -->\r\n<p>&nbsp;<\/p>\r\n<!-- wp:paragraph -->\r\n<p>\ud83e\udeb5 Nous recevrons Thomas quelques jours par mois, nous ferons nos premi\u00e8res AG de l&rsquo;association Viseta, nous recevrons le 1er prototype de vis (<strong>Quercus Ier<\/strong>) du lyc\u00e9e du bois, nous obtenons l&rsquo;autorisation pour le tester en rivi\u00e8re, nous serons rejoint par une nouvelle personne au sein de l&rsquo;asso, nous fabriquerons la structure et l&rsquo;auge pour accueillir la vis, etc., etc&#8230; avec <strong>des r\u00e9ussites et aussi des difficult\u00e9s<\/strong> (une auge qui fuit, des trains de nuit rat\u00e9s !) mais toujours avec beaucoup d&rsquo;enthousiasme et de bonheur. \ud83d\ude01<\/p>\r\n<!-- \/wp:paragraph --><!-- \/wp:image -->\r\n<p>&nbsp;<\/p>\r\n<!-- wp:image {\"id\":1171,\"sizeSlug\":\"large\",\"linkDestination\":\"none\"} --><!-- \/wp:image -->\r\n<p>&nbsp;<\/p>\r\n<!-- wp:image {\"id\":1172,\"sizeSlug\":\"large\",\"linkDestination\":\"none\"} --><!-- \/wp:image --><!-- \/wp:gallery -->\r\n<p>&nbsp;<\/p>\r\n<!-- wp:gallery {\"linkTo\":\"none\",\"align\":\"center\"} -->\r\n<figure class=\"wp-block-gallery aligncenter has-nested-images columns-default is-cropped\"><!-- wp:image {\"id\":1170,\"sizeSlug\":\"large\",\"linkDestination\":\"none\"} --><\/figure>\r\n<!-- wp:preformatted -->\r\n<pre class=\"wp-block-preformatted\"><strong>Une histoire de patrimoine<\/strong><\/pre>\r\n<!-- \/wp:preformatted -->\r\n<p>&nbsp;<\/p>\r\n<!-- wp:paragraph -->\r\n<p>Voisins de Saint-Bertrand-de-Comminges, riche de 2000 ans d\u2019Histoire, c&rsquo;est dans un \u00e9crin de verdure que ce trouve <strong>notre moulin \u00e0 eau datant du XIV si\u00e8cle<\/strong>. Avec son droit d&rsquo;eau fond\u00e9 en titre, nous avons alors l&rsquo;espoir d\u2019exp\u00e9rimenter la turbine Viseta <strong>ichtyocompatible<\/strong> pour respecter les petits habitants du ruisseau.<\/p>\r\n<!-- \/wp:paragraph -->\r\n<p>&nbsp;<\/p>\r\n<!-- wp:paragraph -->\r\n<p>\u2638\ufe0f Quelques <strong>archives d\u00e9partementales<\/strong> sur l\u2019histoire du moulin nous permettent d&rsquo;en savoir un peu plus sur cet ancien moulin, mais nous sommes toujours <strong>en qu\u00eate d&rsquo;informations<\/strong>. D\u00e8s que nous aurons termin\u00e9 les travaux, nous souhaitons <strong>cr\u00e9er une exposition <\/strong>dans le studio pour raconter l&rsquo;histoire du lieu.<\/p>\r\n<!-- \/wp:paragraph -->\r\n<p>&nbsp;<\/p>\r\n<!-- wp:image {\"align\":\"center\",\"id\":1160,\"sizeSlug\":\"large\",\"linkDestination\":\"none\"} --><!-- \/wp:image -->\r\n<p><!-- wp:paragraph --><!-- \/wp:paragraph -->\u00a0<\/p>\r\n<!-- wp:heading -->\r\n<h2><img loading=\"lazy\" decoding=\"async\" class=\"alignnone size-full wp-image-14160\" src=\"https:\/\/reverlesfuturs.com\/portfolio\/wp-content\/uploads\/Plan-Moulin-Rever-les-Futurs.jpeg\" alt=\"\" width=\"2048\" height=\"1493\" srcset=\"https:\/\/reverlesfuturs.com\/portfolio\/wp-content\/uploads\/Plan-Moulin-Rever-les-Futurs.jpeg 2048w, https:\/\/reverlesfuturs.com\/portfolio\/wp-content\/uploads\/Plan-Moulin-Rever-les-Futurs-300x219.jpeg 300w, https:\/\/reverlesfuturs.com\/portfolio\/wp-content\/uploads\/Plan-Moulin-Rever-les-Futurs-1024x747.jpeg 1024w, https:\/\/reverlesfuturs.com\/portfolio\/wp-content\/uploads\/Plan-Moulin-Rever-les-Futurs-768x560.jpeg 768w, https:\/\/reverlesfuturs.com\/portfolio\/wp-content\/uploads\/Plan-Moulin-Rever-les-Futurs-1536x1120.jpeg 1536w, https:\/\/reverlesfuturs.com\/portfolio\/wp-content\/uploads\/Plan-Moulin-Rever-les-Futurs-1920x1400.jpeg 1920w\" sizes=\"auto, (max-width: 2048px) 100vw, 2048px\" \/>Le duo ing\u00e9nieurs &amp; communicants low-tech !<\/h2>\r\n<!-- \/wp:heading -->\r\n<p><!-- wp:paragraph -->Le format associatif est une volont\u00e9 affich\u00e9e d\u00e8s le d\u00e9part par Lo\u00efs et Thomas qui souhaitent cr\u00e9er un <strong>collectif<\/strong> pour d\u00e9velopper ce projet un peu fou et pourtant essentiel pour nos futurs. Toutes les bonnes \u00e9nergies, comp\u00e9tences, connaissances, envies sont les bienvenues pour rendre r\u00e9el <strong>une solution \u00e9nerg\u00e9tique d&rsquo;avenir<\/strong>.<\/p>\r\n<p><!-- wp:paragraph -->\u26a1 <strong>Il est temps de mettre en place des solutions pour une \u00e9nergie d\u00e9carbon\u00e9e et accessible<\/strong>.<img decoding=\"async\" class=\"wp-image-1201\" src=\"https:\/\/reverlesfuturs.com\/portfolio\/wp-content\/uploads\/2022\/10\/LoisJeremarteau-1024x683.jpg\" alt=\"\" \/><\/p>\r\n<div class=\"slider blog-slider\" data-norebro-slider-simple=\"true\"><img decoding=\"async\" class=\"full-width\" src=\"https:\/\/reverlesfuturs.com\/portfolio\/wp-content\/uploads\/equipe-viseta-1024x683-1.jpg\" alt=\"Gallery slide\"><img decoding=\"async\" class=\"full-width\" src=\"https:\/\/reverlesfuturs.com\/portfolio\/wp-content\/uploads\/Team-Viseta-demonstrateur.jpeg\" alt=\"Gallery slide\"><img decoding=\"async\" class=\"full-width\" src=\"https:\/\/reverlesfuturs.com\/portfolio\/wp-content\/uploads\/Viseta_picoelectricite.jpeg\" alt=\"Gallery slide\"><img decoding=\"async\" class=\"full-width\" src=\"https:\/\/reverlesfuturs.com\/portfolio\/wp-content\/uploads\/LoisJeremarteau-1536x1024-1.jpg\" alt=\"Gallery slide\"><\/div>\r\n<!-- wp:gallery {\"linkTo\":\"none\",\"align\":\"center\"} -->\r\n<figure class=\"wp-block-gallery aligncenter has-nested-images columns-default is-cropped\"><!-- wp:image {\"id\":1201,\"sizeSlug\":\"large\",\"linkDestination\":\"none\"} --><\/figure>\r\n<!-- wp:image {\"id\":1202,\"sizeSlug\":\"large\",\"linkDestination\":\"none\"} --><!-- \/wp:gallery -->\r\n<p><!-- wp:paragraph -->\ud83c\udf33 Nos centres d&rsquo;int\u00e9r\u00eat et nos m\u00e9tiers convergent. Quand Lo\u00efs &amp; Thomas, <em>ing\u00e9nieurs<\/em>, souhaitent <strong>\u00e9co-concevoir une turbine hydro-\u00e9lectrique<\/strong>, J\u00e9r\u00e9my &amp; La\u00ebtitia, <em>communicants<\/em>, souhaitent participer \u00e0 <strong>r\u00e9v\u00e9ler des projets environnementaux\/sociaux avec des m\u00e9thodes d&rsquo;\u00e9co-conception<\/strong>.<\/p>\r\n<div class=\"slider blog-slider\" data-norebro-slider-simple=\"true\"><img decoding=\"async\" class=\"full-width\" src=\"https:\/\/reverlesfuturs.com\/portfolio\/wp-content\/uploads\/2026\/01\/Viseta_Banc-dessai-5.jpg\" alt=\"Gallery slide\"><img decoding=\"async\" class=\"full-width\" src=\"https:\/\/reverlesfuturs.com\/portfolio\/wp-content\/uploads\/2026\/01\/Viseta_4-scaled-1.jpeg\" alt=\"Gallery slide\"><img decoding=\"async\" class=\"full-width\" src=\"https:\/\/reverlesfuturs.com\/portfolio\/wp-content\/uploads\/Equipe-ingenieurs-Viseta.jpg\" alt=\"Gallery slide\"><\/div>\r\n<!-- wp:gallery {\"linkTo\":\"none\",\"align\":\"center\"} --><!-- \/wp:gallery -->\r\n<p><!-- wp:paragraph -->Et parfois, nous d\u00e9passons nos zones de comp\u00e9tences. C&rsquo;est le cas de J\u00e9r\u00e9my, par exemple, qui aidera Thomas \u00e0 fabriquer l&rsquo;auge en bois au <a href=\"https:\/\/fablab-sapiens.fr\/\" target=\"_blank\" rel=\"noreferrer noopener\">Fab lab&rsquo; Sapiens<\/a>.<\/p>\r\n<!-- \/wp:paragraph -->\r\n<p><!-- wp:paragraph -->\ud83c\udf31 La turbine <a href=\"https:\/\/viseta.fr\/blog\/\" target=\"_blank\" rel=\"noreferrer noopener\">Viseta<\/a>, ichtyocompatible \ud83d\udc1f, utilisera la force de l&rsquo;eau pour produire une \u00e9nergie bas carbone. Elle sera test\u00e9e en rivi\u00e8re au studio <a href=\"https:\/\/www.linkedin.com\/company\/42423187\/admin\/#\">R\u00eaver les Futurs<\/a>, d\u00e8s 2023.<\/p>\r\n<!-- \/wp:paragraph -->\r\n<p><!-- wp:paragraph -->Le studio R\u00eaver les Futurs, s&rsquo;implique donc dans la <strong>cr\u00e9ation de l&rsquo;identit\u00e9 de marque Viseta et la communication<\/strong> en g\u00e9n\u00e9ral. Mais \u00e7a, ce sera dans <a href=\"https:\/\/reverlesfuturs.com\/portfolio\/project\/association-viseta\/\" target=\"_blank\" rel=\"noreferrer noopener\">l&rsquo;\u00e9pisode 2 : <em>\u00e0 lire d\u00e8s maintenant !<\/em><\/a><\/p>\r\n<!-- \/wp:paragraph -->\r\n<p>&nbsp;<\/p>\r\n<!-- wp:image {\"align\":\"center\",\"id\":1175,\"sizeSlug\":\"large\",\"linkDestination\":\"none\"} --><!-- \/wp:image -->\r\n<p><!-- wp:paragraph --><strong>Au studio <a href=\"http:\/\/www.reverlesfuturs.com\" target=\"_blank\" rel=\"noreferrer noopener\">R\u00eaver les Futurs<\/a>, nous accompagnons des projets <\/strong>et des entrepreneurs qui nous font r\u00eaver, que l&rsquo;on admire pour leur courage et leur inventivit\u00e9. Pour nous, rejoindre l&rsquo;association <a href=\"https:\/\/viseta.fr\/blog\/\" target=\"_blank\" rel=\"noreferrer noopener\">Viseta<\/a> c&rsquo;est participer \u00e0 l&rsquo;\u00e9nergie du futur, donner vie \u00e0 notre moulin et travailler avec des ing\u00e9nieurs ing\u00e9nieux et sensibles au Vivant.<\/p>\r\n<p><!-- \/wp:paragraph -->\u00a0<\/p>\r\n<p><!-- wp:paragraph --><strong>Vous voulez r\u00eaver encore un peu ?<\/strong><\/p>\r\n<p><!-- \/wp:paragraph -->\u00a0<\/p>\r\n<!-- wp:list -->\r\n<ul>\r\n<li>D\u00e9couvrir d\u2019autres cr\u00e9ations du studio sur <a href=\"https:\/\/reverlesfuturs.com\/portfolio\/\" target=\"_blank\" rel=\"noreferrer noopener\">le portfolio<\/a><\/li>\r\n<\/ul>\r\n<!-- wp:list-item -->\r\n<ul>\r\n<li>Suivre l\u2019actualit\u00e9 du studio cr\u00e9atif sur <a href=\"https:\/\/www.linkedin.com\/company\/rever-les-futurs\/\" target=\"_blank\" rel=\"noreferrer noopener\">Linkedin<\/a> et <a href=\"https:\/\/www.instagram.com\/reverlesfuturs\/\" target=\"_blank\" rel=\"noreferrer noopener\">Instagram<\/a>.<!-- \/wp:list-item --><\/li>\r\n<\/ul>\r\n<!-- wp:list-item -->\r\n<ul>\r\n<li><a href=\"https:\/\/www.reverlesfuturs.com\/contact.html\" target=\"_blank\" rel=\"noreferrer noopener\">Contacter l\u2019\u00e9quipe pour R\u00eaver les Futurs !<\/a><\/li>\r\n<\/ul>\r\n<!-- \/wp:list-item --><!-- \/wp:list -->\r\n[\/vc_column_text][\/vc_column][\/vc_row]<\/div>","protected":false},"excerpt":{"rendered":"<p>R\u00eaver les Futurs s&rsquo;implique dans l&rsquo;association Viseta, pour cr\u00e9er et tester une turbine hydro-\u00e9lectrique low-tech, en bois, au studio.<\/p>\n","protected":false},"author":2,"featured_media":14159,"comment_status":"closed","ping_status":"closed","sticky":false,"template":"","format":"standard","meta":{"_acf_changed":false,"footnotes":""},"categories":[3,162],"tags":[54,82,92,126,135],"class_list":["post-983","post","type-post","status-publish","format-standard","has-post-thumbnail","hentry","category-moulin","category-low-tech","tag-energie-renouvelable","tag-low-tech-2","tag-moulin","tag-studio-creatif","tag-turbine-hydro-electrique"],"acf":[],"_links":{"self":[{"href":"https:\/\/reverlesfuturs.com\/portfolio\/wp-json\/wp\/v2\/posts\/983","targetHints":{"allow":["GET"]}}],"collection":[{"href":"https:\/\/reverlesfuturs.com\/portfolio\/wp-json\/wp\/v2\/posts"}],"about":[{"href":"https:\/\/reverlesfuturs.com\/portfolio\/wp-json\/wp\/v2\/types\/post"}],"author":[{"embeddable":true,"href":"https:\/\/reverlesfuturs.com\/portfolio\/wp-json\/wp\/v2\/users\/2"}],"replies":[{"embeddable":true,"href":"https:\/\/reverlesfuturs.com\/portfolio\/wp-json\/wp\/v2\/comments?post=983"}],"version-history":[{"count":12,"href":"https:\/\/reverlesfuturs.com\/portfolio\/wp-json\/wp\/v2\/posts\/983\/revisions"}],"predecessor-version":[{"id":14184,"href":"https:\/\/reverlesfuturs.com\/portfolio\/wp-json\/wp\/v2\/posts\/983\/revisions\/14184"}],"wp:featuredmedia":[{"embeddable":true,"href":"https:\/\/reverlesfuturs.com\/portfolio\/wp-json\/wp\/v2\/media\/14159"}],"wp:attachment":[{"href":"https:\/\/reverlesfuturs.com\/portfolio\/wp-json\/wp\/v2\/media?parent=983"}],"wp:term":[{"taxonomy":"category","embeddable":true,"href":"https:\/\/reverlesfuturs.com\/portfolio\/wp-json\/wp\/v2\/categories?post=983"},{"taxonomy":"post_tag","embeddable":true,"href":"https:\/\/reverlesfuturs.com\/portfolio\/wp-json\/wp\/v2\/tags?post=983"}],"curies":[{"name":"wp","href":"https:\/\/api.w.org\/{rel}","templated":true}]}}